{"id":5219,"date":"2025-11-10T12:00:42","date_gmt":"2025-11-10T11:00:42","guid":{"rendered":"https:\/\/blog.presseplus.eu\/?p=5219"},"modified":"2026-04-14T01:05:45","modified_gmt":"2026-04-13T23:05:45","slug":"funke-verkauft-kronen-zeitung-an-christoph-dichand","status":"publish","type":"post","link":"https:\/\/www.presseplus.de\/blog\/funke-verkauft-kronen-zeitung-an-christoph-dichand\/","title":{"rendered":"Funke verkauft Kronen Zeitung an Christoph Dichand"},"content":{"rendered":"<p>Die deutsche Mediengruppe FUNKE hat gr\u00fcnes Licht f\u00fcr den Verkauf ihrer 50\u2011Prozent\u2011Beteiligung an \u00d6sterreichs reichweitenst\u00e4rkstem Boulevardblatt, der Kronen Zeitung, erhalten. Das bedeutet: Die Dichand\u2011Familie wird k\u00fcnftig das Voll\u00adeigentum an dem Blatt \u00fcbernehmen, ein bedeutender Schritt auf dem \u00f6sterreichischen Verlagsmarkt.<\/p>\n<h2>Hintergrund und Eckdaten<\/h2>\n<ul>\n<li>FUNKE war bereits 1987 bei der Kronen Zeitung eingestiegen.<\/li>\n<li>Nun, nach einer Grundsatzvereinbarung im Juni, kann Herausgeber Christoph Dichand die 50\u2011Prozent\u2011Anteile \u00fcbernehmen.<\/li>\n<li>Der Wettbewerb\u00adaufsichtsbeh\u00f6rde Bundeswettbewerbsbeh\u00f6rde (BWB) war die \u00dcbernahme gemeldet worden; ein Pr\u00fcfungsantrag vor dem Kartellgericht wurde nicht gestellt, womit der Weg rechtlich frei ist.<\/li>\n<li>Angaben zur H\u00f6he des Kaufpreises fehlen; \u00f6sterreichische Medien sch\u00e4tzen ihn auf eine \u201enicht hohe zweistellige Millionen\u00adsummen\u201c.<\/li>\n<\/ul>\n<h2>Bedeutung &amp; Auswirkungen<\/h2>\n<p>F\u00fcr die Dichand\u2011Familie bedeutet der vollst\u00e4ndige Erwerb der Kronen Zeitung eine R\u00fcckkehr zur vollen Kontrolle, eine Entscheidung, die nach Angaben von Medien\u00adforscher Andy Kaltenbrunner als \u201eriesiger Schritt auf einem schwierigen Weg\u201c bezeichnet wurde.<\/p>\n<p>F\u00fcr FUNKE hingegen schlie\u00dft sich ein Kapitel: Der R\u00fcckzug aus \u00d6sterreich markiert eine strategische Neuausrichtung.<\/p>\n<p>Die Kronen Zeitung bleibt mit einer Reichweite von \u00fcber 1,6\u202fMillionen Leserinnen und Lesern das Leit\u2011Boulevardblatt in \u00d6sterreich.<\/p>\n<p>Ein unmittelbarer Vorteil f\u00fcr die neue Allein\u00adgesellschaft: Entscheidungen \u00fcber Investitionen, Produktinnovation oder strategische Ausrichtung k\u00f6nnen k\u00fcnftig ohne Mitgesellschafter schneller getroffen werden. \u201eEinfacher f\u00fcr Gesch\u00e4fts\u00adentscheidungen\u201c, so Kaltenbrunner.<\/p>\n<h2>Offene Fragen &amp; Herausforderungen<\/h2>\n<ul>\n<li>Die genaue Aufteilung der Anteile innerhalb der Familie Dichand, namentlich gegen\u00fcber Johanna und Michael Dichand, ist bislang unklar.<\/li>\n<li>Welche Auswirkungen sich dadurch auf das Verlagshaus Mediaprint ergeben, dem die Kronen Zeitung angegliedert ist: Im Jahr 2023\/24 hatte Mediaprint einen Verlust von knapp 2,6\u202fMio.\u202fEuro vor Steuern gemeldet, der Sanierungskurs ist fragil.<\/li>\n<li>Der Verlagsmarkt befindet sich in einer sp\u00fcrbaren Umbruchs\u00adphase: Arbeitsplatzabbau, sinkende Print\u00adauflagen und steigender Kostendruck. In diesem Umfeld ist die vollst\u00e4ndige \u00dcbernahme ein Signal f\u00fcr Stabilit\u00e4ts\u00adsuchende.<\/li>\n<li>Auch f\u00fcr FUNKE stellt sich die Frage: Wird es k\u00fcnftig zu weiteren R\u00fcckz\u00fcgen aus \u00d6sterreich kommen? Bereits wird spekuliert, dass FUNKE auch den 50\u2011Prozent\u2011Anteil an der Zeitung \u201eKurier\u201c ver\u00e4ussern k\u00f6nnte, an die derzeitige Miteigent\u00fcmerin Raiffeisen\u2011Holding N\u00d6\u2011Wien.<\/li>\n<\/ul>\n<h2>Fazit<\/h2>\n<p>Mit dem Verkauf der 50\u202f% an der Kronen Zeitung \u00fcbernimmt Christoph Dichand die alleinige Kontrolle, ein zentraler Wandel im \u00f6sterreichischen Medien\u00adgef\u00fcge. Fu\u0308r die FUNKE Mediengruppe bedeutet dies einen bewussten Ausstieg, f\u00fcr die Dichand\u2011Familie eine R\u00fcckkehr zur Vollmacht im eigenen Haus. In einem herausfordernden Umfeld f\u00fcr Print\u00admedien markiert die Transaktion einen strategischen Akzent, sowohl in Bezug auf Eigentums\u00adverh\u00e4ltnisse als auch auf unternehmerische Handlungs\u00adf\u00e4higkeit.<\/p>\n","protected":false},"excerpt":{"rendered":"<p>Die deutsche Mediengruppe FUNKE hat gr\u00fcnes Licht f\u00fcr den Verkauf ihrer 50\u2011Prozent\u2011Beteiligung an \u00d6sterreichs reichweitenst\u00e4rkstem Boulevardblatt, der Kronen Zeitung, erhalten. Das bedeutet: Die Dichand\u2011Familie wird k\u00fcnftig das Voll\u00adeigentum an dem Blatt \u00fcbernehmen, ein bedeutender Schritt auf dem \u00f6sterreichischen Verlagsmarkt. Hintergrund und Eckdaten FUNKE war bereits 1987 bei der Kronen Zeitung eingestiegen. Nun, nach einer Grundsatzvereinbarung [&hellip;]<\/p>\n","protected":false},"author":38,"featured_media":5220,"comment_status":"closed","ping_status":"open","sticky":false,"template":"","format":"standard","meta":{"_acf_changed":false,"footnotes":""},"categories":[96],"tags":[],"class_list":["post-5219","post","type-post","status-publish","format-standard","has-post-thumbnail","hentry","category-verlag-news"],"acf":[],"_links":{"self":[{"href":"https:\/\/www.presseplus.de\/blog\/wp-json\/wp\/v2\/posts\/5219","targetHints":{"allow":["GET"]}}],"collection":[{"href":"https:\/\/www.presseplus.de\/blog\/wp-json\/wp\/v2\/posts"}],"about":[{"href":"https:\/\/www.presseplus.de\/blog\/wp-json\/wp\/v2\/types\/post"}],"author":[{"embeddable":true,"href":"https:\/\/www.presseplus.de\/blog\/wp-json\/wp\/v2\/users\/38"}],"replies":[{"embeddable":true,"href":"https:\/\/www.presseplus.de\/blog\/wp-json\/wp\/v2\/comments?post=5219"}],"version-history":[{"count":1,"href":"https:\/\/www.presseplus.de\/blog\/wp-json\/wp\/v2\/posts\/5219\/revisions"}],"predecessor-version":[{"id":5221,"href":"https:\/\/www.presseplus.de\/blog\/wp-json\/wp\/v2\/posts\/5219\/revisions\/5221"}],"wp:featuredmedia":[{"embeddable":true,"href":"https:\/\/www.presseplus.de\/blog\/wp-json\/wp\/v2\/media\/5220"}],"wp:attachment":[{"href":"https:\/\/www.presseplus.de\/blog\/wp-json\/wp\/v2\/media?parent=5219"}],"wp:term":[{"taxonomy":"category","embeddable":true,"href":"https:\/\/www.presseplus.de\/blog\/wp-json\/wp\/v2\/categories?post=5219"},{"taxonomy":"post_tag","embeddable":true,"href":"https:\/\/www.presseplus.de\/blog\/wp-json\/wp\/v2\/tags?post=5219"}],"curies":[{"name":"wp","href":"https:\/\/api.w.org\/{rel}","templated":true}]}}