{"id":4901,"date":"2025-03-08T01:04:24","date_gmt":"2025-03-08T00:04:24","guid":{"rendered":"https:\/\/blog.presseplus.eu\/?p=4517"},"modified":"2026-04-13T15:35:22","modified_gmt":"2026-04-13T13:35:22","slug":"15-jahre-mein-schoenes-land","status":"publish","type":"post","link":"https:\/\/www.presseplus.de\/blog\/15-jahre-mein-schoenes-land\/","title":{"rendered":"15 Jahre \u201eMein sch\u00f6nes Land\u201c \u2013 Ein Magazin zum Entschleunigen und Tr\u00e4umen"},"content":{"rendered":"<p><strong>Happy Birthday, Mein sch\u00f6nes Land! <\/strong>Seit 15 Jahren l\u00e4dt <a href=\"\/Mein-schoenes-Land-Abo\">Mein sch\u00f6nes Land<\/a> seine Leserinnen und Leser dazu ein, dem hektischen Alltag zu entfliehen und in die Welt des idyllischen Landlebens einzutauchen. Was 2010 als neuer Titel des <a href=\"\/blog\/hubert-burda-media\/\">BurdaVerlags<\/a> startete, entwickelte sich schnell zu einer festen Gr\u00f6\u00dfe im Segment der Landmagazine. Heute geh\u00f6rt das Magazin zu den Top 3 der Branche und begeistert mit authentischen Reportagen, liebevoll gestalteten Fotoproduktionen und einer besonderen N\u00e4he zur Natur.<\/p>\n<h2>Der Erfolg eines besonderen Magazins<\/h2>\n<p>Mit dem Boom der Landlust im Jahr 2005 wurde eine neue Zeitschriftenkategorie geboren: Landmagazine trafen den Zeitgeist \u2013 eine Sehnsucht nach Entschleunigung, Naturverbundenheit und l\u00e4ndlicher Gem\u00fctlichkeit. Mein sch\u00f6nes Land nutzte diesen Trend und konnte sich rasch etablieren. Besonders bemerkenswert ist die enge Bindung der Redaktion an ihre Themen: Viele Autorinnen und Autoren schreiben \u00fcber das, was sie selbst lieben.<\/p>\n<p>So erinnert sich Antje Sommerkamp, Redakteurin der ersten Stunde, an eine ihrer ersten Reportagen \u00fcber eine Storchenstation \u2013 mit \u00fcberraschenden pers\u00f6nlichen Folgen. Kurz nach der Ver\u00f6ffentlichung konnte sie verk\u00fcnden, selbst erneut Mutter zu werden. \u201eOb das ein Zufall war? Vermutlich nicht ganz\u201c, lacht sie heute. Ihr Sohn Sven feiert in diesem Jahr, genau wie das Magazin, seinen 15. Geburtstag.<\/p>\n<p>Auch Textchef Patrick Hahn verbindet mit seiner Arbeit viele unvergessliche Erlebnisse. Besonders in Erinnerung geblieben sind ihm seine Garten- und Handwerksreportagen, die er von der Recherche bis zur Umsetzung eigenst\u00e4ndig begleiten konnte. \u201eEs waren immer auch pers\u00f6nliche Begegnungen, die einen bleibenden Eindruck hinterlassen haben.\u201c<\/p>\n<h2>Besondere Geschichten und spannende Erlebnisse<\/h2>\n<p>Zu den herausragenden Reportagen z\u00e4hlt auch eine Reise von Redakteurin Katharina Sucher in die Schweiz. Dort traf sie auf sechs wetterkundige Herren, die anhand von Tannenzweigen, Ameisenaktivit\u00e4t und Wildtierfell die Wetterentwicklung voraussagten. \u201eEin Crashkurs in Extrem-Schwyzerd\u00fctsch inklusive\u201c, erinnert sie sich schmunzelnd. Ebenso beeindruckend war ihre Reportage \u00fcber die waghalsige Wildheu-Mahd in den steilen Bergh\u00e4ngen \u2013 eine Erfahrung, die sie als eine der faszinierendsten ihrer bisherigen Laufbahn beschreibt.<\/p>\n<p>Doch das Landleben hat nicht nur idyllische Seiten. Schon im ersten Jahr stellte sich die Redaktion die Frage, ob Leserinnen und Leser auch die weniger romantischen Aspekte des Landlebens verkraften k\u00f6nnen. Eine Debatte \u00fcber das Thema \u201eLandluft\u201c \u2013 sprich G\u00fclle und D\u00fcnger \u2013 sorgte f\u00fcr Diskussionen. Letztlich wurde die Geschichte 2011 ver\u00f6ffentlicht \u2013 ein Zeichen f\u00fcr den Mut, das Landleben in all seinen Facetten zu zeigen.<\/p>\n<h2>Ein R\u00fcckzugsort in einer schnelllebigen Welt<\/h2>\n<p>Heute, 15 Jahre nach der ersten Ausgabe, bleibt Mein sch\u00f6nes Land seinem Grundgedanken treu: Es ist ein Magazin, das entschleunigt und inspiriert. \u201eIn einer Welt, die sich immer schneller dreht, bieten wir einen ruhigen Ankerpunkt\u201c, sagt Chefredakteurin Miriam Sievert. Die Themen Nachhaltigkeit, Tradition und ein bewusster Umgang mit den Jahreszeiten sind dabei zentrale Elemente.<\/p>\n<p>Auch in der Bildsprache hat sich das Magazin klar positioniert. Art Director Nicole Helmst\u00e4tter betont, dass sich Mein sch\u00f6nes Land von anderen Landmagazinen durch eine fr\u00f6hlichere, leichtere und nahbare \u00c4sthetik unterscheidet. Eigene Fotoproduktionen f\u00fcr Natur- und Handwerksreportagen sind bis heute ein Markenzeichen.<\/p>\n<p>Zum 15. Geburtstag bleibt eines gewiss: Mein sch\u00f6nes Land ist mehr als nur eine Zeitschrift. Es ist ein Lebensgef\u00fchl, das seinen Leserinnen und Lesern eine kleine Flucht aus dem Alltag erm\u00f6glicht \u2013 und das hoffentlich noch viele Jahre lang.<\/p>\n<p>Mehr spannende Einblicke in die Welt der Landmagazine finden Sie in unserem Beitrag \u201e<a href=\"\/blog\/was-ist-die-beste-land-zeitschrift\/\">Was ist die beste Land Zeitschrift?<\/a>\u201c.<\/p>\n","protected":false},"excerpt":{"rendered":"<p>Happy Birthday, Mein sch\u00f6nes Land! Seit 15 Jahren l\u00e4dt Mein sch\u00f6nes Land seine Leserinnen und Leser dazu ein, dem hektischen Alltag zu entfliehen und in die Welt des idyllischen Landlebens einzutauchen. Was 2010 als neuer Titel des BurdaVerlags startete, entwickelte sich schnell zu einer festen Gr\u00f6\u00dfe im Segment der Landmagazine. Heute geh\u00f6rt das Magazin zu [&hellip;]<\/p>\n","protected":false},"author":31,"featured_media":4910,"comment_status":"closed","ping_status":"open","sticky":false,"template":"","format":"standard","meta":{"_acf_changed":false,"footnotes":""},"categories":[96],"tags":[],"class_list":["post-4901","post","type-post","status-publish","format-standard","has-post-thumbnail","hentry","category-verlag-news"],"acf":[],"_links":{"self":[{"href":"https:\/\/www.presseplus.de\/blog\/wp-json\/wp\/v2\/posts\/4901","targetHints":{"allow":["GET"]}}],"collection":[{"href":"https:\/\/www.presseplus.de\/blog\/wp-json\/wp\/v2\/posts"}],"about":[{"href":"https:\/\/www.presseplus.de\/blog\/wp-json\/wp\/v2\/types\/post"}],"author":[{"embeddable":true,"href":"https:\/\/www.presseplus.de\/blog\/wp-json\/wp\/v2\/users\/31"}],"replies":[{"embeddable":true,"href":"https:\/\/www.presseplus.de\/blog\/wp-json\/wp\/v2\/comments?post=4901"}],"version-history":[{"count":1,"href":"https:\/\/www.presseplus.de\/blog\/wp-json\/wp\/v2\/posts\/4901\/revisions"}],"predecessor-version":[{"id":5340,"href":"https:\/\/www.presseplus.de\/blog\/wp-json\/wp\/v2\/posts\/4901\/revisions\/5340"}],"wp:featuredmedia":[{"embeddable":true,"href":"https:\/\/www.presseplus.de\/blog\/wp-json\/wp\/v2\/media\/4910"}],"wp:attachment":[{"href":"https:\/\/www.presseplus.de\/blog\/wp-json\/wp\/v2\/media?parent=4901"}],"wp:term":[{"taxonomy":"category","embeddable":true,"href":"https:\/\/www.presseplus.de\/blog\/wp-json\/wp\/v2\/categories?post=4901"},{"taxonomy":"post_tag","embeddable":true,"href":"https:\/\/www.presseplus.de\/blog\/wp-json\/wp\/v2\/tags?post=4901"}],"curies":[{"name":"wp","href":"https:\/\/api.w.org\/{rel}","templated":true}]}}