{"id":3574,"date":"2024-03-11T12:00:13","date_gmt":"2024-03-11T11:00:13","guid":{"rendered":"https:\/\/blog.presseplus.eu\/?p=3574"},"modified":"2026-04-14T00:27:22","modified_gmt":"2026-04-13T22:27:22","slug":"valentin-schoendienst-wird-cpo-ctp-bei-axel-springer","status":"publish","type":"post","link":"https:\/\/www.presseplus.de\/blog\/valentin-schoendienst-wird-cpo-ctp-bei-axel-springer\/","title":{"rendered":"Valentin Sch\u00f6ndienst \u00fcbernimmt als CPO und CTO bei Axel Springer"},"content":{"rendered":"<p>Samir Fadlallah, der langj\u00e4hrige CIO und CTO von Axel Springer, hat beschlossen, das Unternehmen nach 16 Jahren zu verlassen, um sich neuen beruflichen Herausforderungen zu stellen. W\u00e4hrend seiner Amtszeit spielte Fadlallah eine entscheidende Rolle in der digitalen Transformation und dem Wachstum von Axel Springer, insbesondere durch die Einf\u00fchrung neuer Technologien und die Leitung des Global Generative AI Teams sowie des Segments News Media Germany.<\/p>\n<p>Valentin Sch\u00f6ndienst, bisher Senior Vice President of Business Innovation bei Axel Springer, wird ab dem 1. Mai die Positionen des Chief Product Officer und Chief Technology Officer (CPO und CTO) \u00fcbernehmen. In seiner neuen Rolle wird Sch\u00f6ndienst ma\u00dfgeblich die digitale Produkt- und Technologiestrategie des Unternehmens vorantreiben, mit einem Fokus auf die Weiterentwicklung des digitalen Produktportfolios, Initiativen im Bereich k\u00fcnstlicher Intelligenz und die Expansion in neue Produktbereiche jenseits traditioneller Medien.<\/p>\n<p>Die Teams, die bisher unter Fadlallahs Leitung standen, werden k\u00fcnftig an Sch\u00f6ndienst berichten. Lars Kotte wird weiterhin die IT von News Media Germany leiten. Mathias D\u00f6pfner, Vorstandsvorsitzender von Axel Springer, w\u00fcrdigte Fadlallahs Beitrag zur Entwicklung des Unternehmens und \u00e4u\u00dferte sich optimistisch \u00fcber die Zusammenarbeit mit Sch\u00f6ndienst, um Axel Springer durch die n\u00e4chste \u00c4ra technologischer Disruptionen zu f\u00fchren.<\/p>\n<p>Valentin Sch\u00f6ndienst, der bereits mehrere technologiegetriebene Produktentwicklungen bei Axel Springer geleitet hat, bringt umfangreiche Erfahrungen aus der Gr\u00fcndung von Unternehmen in den Bereichen Medien und Werbung mit. Er hat an der Humboldt-Universit\u00e4t zu Berlin studiert und in Wirtschaftsinformatik promoviert.<\/p>\n","protected":false},"excerpt":{"rendered":"<p>Samir Fadlallah, der langj\u00e4hrige CIO und CTO von Axel Springer, hat beschlossen, das Unternehmen nach 16 Jahren zu verlassen, um sich neuen beruflichen Herausforderungen zu stellen. W\u00e4hrend seiner Amtszeit spielte Fadlallah eine entscheidende Rolle in der digitalen Transformation und dem Wachstum von Axel Springer, insbesondere durch die Einf\u00fchrung neuer Technologien und die Leitung des Global [&hellip;]<\/p>\n","protected":false},"author":38,"featured_media":3575,"comment_status":"closed","ping_status":"open","sticky":false,"template":"","format":"standard","meta":{"_acf_changed":false,"footnotes":""},"categories":[96],"tags":[],"class_list":["post-3574","post","type-post","status-publish","format-standard","has-post-thumbnail","hentry","category-verlag-news"],"acf":[],"_links":{"self":[{"href":"https:\/\/www.presseplus.de\/blog\/wp-json\/wp\/v2\/posts\/3574","targetHints":{"allow":["GET"]}}],"collection":[{"href":"https:\/\/www.presseplus.de\/blog\/wp-json\/wp\/v2\/posts"}],"about":[{"href":"https:\/\/www.presseplus.de\/blog\/wp-json\/wp\/v2\/types\/post"}],"author":[{"embeddable":true,"href":"https:\/\/www.presseplus.de\/blog\/wp-json\/wp\/v2\/users\/38"}],"replies":[{"embeddable":true,"href":"https:\/\/www.presseplus.de\/blog\/wp-json\/wp\/v2\/comments?post=3574"}],"version-history":[{"count":1,"href":"https:\/\/www.presseplus.de\/blog\/wp-json\/wp\/v2\/posts\/3574\/revisions"}],"predecessor-version":[{"id":3576,"href":"https:\/\/www.presseplus.de\/blog\/wp-json\/wp\/v2\/posts\/3574\/revisions\/3576"}],"wp:featuredmedia":[{"embeddable":true,"href":"https:\/\/www.presseplus.de\/blog\/wp-json\/wp\/v2\/media\/3575"}],"wp:attachment":[{"href":"https:\/\/www.presseplus.de\/blog\/wp-json\/wp\/v2\/media?parent=3574"}],"wp:term":[{"taxonomy":"category","embeddable":true,"href":"https:\/\/www.presseplus.de\/blog\/wp-json\/wp\/v2\/categories?post=3574"},{"taxonomy":"post_tag","embeddable":true,"href":"https:\/\/www.presseplus.de\/blog\/wp-json\/wp\/v2\/tags?post=3574"}],"curies":[{"name":"wp","href":"https:\/\/api.w.org\/{rel}","templated":true}]}}