{"id":3571,"date":"2024-03-11T11:00:25","date_gmt":"2024-03-11T10:00:25","guid":{"rendered":"https:\/\/blog.presseplus.eu\/?p=3571"},"modified":"2026-04-14T01:17:33","modified_gmt":"2026-04-13T23:17:33","slug":"feinschmecker-makeover","status":"publish","type":"post","link":"https:\/\/www.presseplus.de\/blog\/feinschmecker-makeover\/","title":{"rendered":"&#8220;Der Feinschmecker&#8221; erh\u00e4lt ein umfassendes Makeover"},"content":{"rendered":"<p>Die Zeitschrift <a href=\"\/FEINSCHMECKER-Abo\" target=\"_blank\" rel=\"noopener\">&#8220;Der Feinschmecker&#8221;<\/a> unternimmt den gr\u00f6\u00dften Investitions- und Innovationsschritt in seiner Magazingeschichte, indem sie ihren Umfang signifikant auf \u00fcber 200 Seiten pro Ausgabe erh\u00f6ht. Diese Neuerung beginnt mit der Ausgabe 3\/2024 und bringt einen frischen, zeitgem\u00e4\u00dfen und eleganten Look &amp; Feel, entworfen von Uwe C. Beyer, einem der f\u00fchrenden Mediendesigner in Deutschland.<\/p>\n<h2>Neuerungen und Schwerpunktthemen:<\/h2>\n<ul>\n<li>Jede Ausgabe von &#8220;Der Feinschmecker&#8221; wird fortan ein spezielles Schwerpunktthema behandeln, beginnend mit einer umfassenden Ausgabe zur Gastronomie.<\/li>\n<li>Die Leserinnen und Leser k\u00f6nnen sich auf tiefgehende Insider-Reportagen, gro\u00dfe Features, exklusive Interviews und zukunftsweisende Gastro-Themen freuen.<\/li>\n<li>Zus\u00e4tzlich erscheint ein exklusiver Pocket-Guide <a href=\"https:\/\/www.feinschmecker.de\/best-of\/restaurant-adressen\" target=\"_blank\" rel=\"noopener\">&#8220;Die 500 besten Restaurants in Deutschland&#8221;<\/a>, der die Top-Gastronomie zelebriert und die Branche unterst\u00fctzt.<\/li>\n<\/ul>\n<h2>Zuk\u00fcnftige Themen und Ausrichtung:<\/h2>\n<ul>\n<li>Geplante Fokus-Themen f\u00fcr zuk\u00fcnftige Ausgaben umfassen Zugreisen, Grillen, Oliven\u00f6l, K\u00fcchen-Trends, Wein, Asien, Kreuzfahrten, Kaffee, Bar-Kultur, Gastlichkeit und Tischkultur.<\/li>\n<li>Diese thematische Vielfalt unterstreicht das Engagement von &#8220;Der Feinschmecker&#8221; f\u00fcr hochwertigen Journalismus und seine Rolle als umfassende Gourmet-Marke in Deutschland.<\/li>\n<\/ul>\n<h2>Verlagsengagement und Reichweite:<\/h2>\n<ul>\n<li>Der <a href=\"\/blog\/der-jahreszeiten-verlag\/\" target=\"_blank\" rel=\"noopener\">Jahreszeiten Verlag<\/a> bekr\u00e4ftigt mit diesem Schritt sein Engagement f\u00fcr seine Marken und insbesondere f\u00fcr &#8220;Der Feinschmecker&#8221;, das nicht nur als Deutschlands f\u00fchrendes Kulinarik-Magazin gilt, sondern auch eine umfassende Gourmet-Marke darstellt.<\/li>\n<li>&#8220;Der Feinschmecker&#8221; erreicht monatlich eine verkaufte Auflage von rund 60.000 Exemplaren und eine Reichweite von 0,64 Millionen Leserinnen und Lesern.<\/li>\n<li>Diese Initiative markiert einen entscheidenden Moment in der Geschichte von &#8220;Der Feinschmecker&#8221;, der das Magazin f\u00fcr die Zukunft positioniert und seine Rolle als Meinungsf\u00fchrer und Innovator in der Kulinarikwelt weiter st\u00e4rkt.<\/li>\n<\/ul>\n","protected":false},"excerpt":{"rendered":"<p>Die Zeitschrift &#8220;Der Feinschmecker&#8221; unternimmt den gr\u00f6\u00dften Investitions- und Innovationsschritt in seiner Magazingeschichte, indem sie ihren Umfang signifikant auf \u00fcber 200 Seiten pro Ausgabe erh\u00f6ht. Diese Neuerung beginnt mit der Ausgabe 3\/2024 und bringt einen frischen, zeitgem\u00e4\u00dfen und eleganten Look &amp; Feel, entworfen von Uwe C. Beyer, einem der f\u00fchrenden Mediendesigner in Deutschland. Neuerungen und [&hellip;]<\/p>\n","protected":false},"author":38,"featured_media":3572,"comment_status":"closed","ping_status":"open","sticky":false,"template":"","format":"standard","meta":{"_acf_changed":false,"footnotes":""},"categories":[96],"tags":[],"class_list":["post-3571","post","type-post","status-publish","format-standard","has-post-thumbnail","hentry","category-verlag-news"],"acf":[],"_links":{"self":[{"href":"https:\/\/www.presseplus.de\/blog\/wp-json\/wp\/v2\/posts\/3571","targetHints":{"allow":["GET"]}}],"collection":[{"href":"https:\/\/www.presseplus.de\/blog\/wp-json\/wp\/v2\/posts"}],"about":[{"href":"https:\/\/www.presseplus.de\/blog\/wp-json\/wp\/v2\/types\/post"}],"author":[{"embeddable":true,"href":"https:\/\/www.presseplus.de\/blog\/wp-json\/wp\/v2\/users\/38"}],"replies":[{"embeddable":true,"href":"https:\/\/www.presseplus.de\/blog\/wp-json\/wp\/v2\/comments?post=3571"}],"version-history":[{"count":2,"href":"https:\/\/www.presseplus.de\/blog\/wp-json\/wp\/v2\/posts\/3571\/revisions"}],"predecessor-version":[{"id":5088,"href":"https:\/\/www.presseplus.de\/blog\/wp-json\/wp\/v2\/posts\/3571\/revisions\/5088"}],"wp:featuredmedia":[{"embeddable":true,"href":"https:\/\/www.presseplus.de\/blog\/wp-json\/wp\/v2\/media\/3572"}],"wp:attachment":[{"href":"https:\/\/www.presseplus.de\/blog\/wp-json\/wp\/v2\/media?parent=3571"}],"wp:term":[{"taxonomy":"category","embeddable":true,"href":"https:\/\/www.presseplus.de\/blog\/wp-json\/wp\/v2\/categories?post=3571"},{"taxonomy":"post_tag","embeddable":true,"href":"https:\/\/www.presseplus.de\/blog\/wp-json\/wp\/v2\/tags?post=3571"}],"curies":[{"name":"wp","href":"https:\/\/api.w.org\/{rel}","templated":true}]}}